{"id":2375,"date":"2019-02-09T12:00:27","date_gmt":"2019-02-09T15:00:27","guid":{"rendered":"http:\/\/geny.cl\/portal\/?p=2375"},"modified":"2024-04-09T15:50:25","modified_gmt":"2024-04-09T19:50:25","slug":"receta-salada-humitas","status":"publish","type":"post","link":"https:\/\/www.geny.cl\/portal\/2019\/02\/09\/receta-salada-humitas\/","title":{"rendered":"Receta Salada: Humitas"},"content":{"rendered":"<p>Esta t\u00edpica comida Chilena, es cotidiana en el verano, y es deliciosa. Sin duda una de mis preferidas.<!--more--><\/p>\n<h4><em>Ingredientes<\/em><\/h4>\n<ul>\n<li>1 cebolla Picada fina<\/li>\n<li>100 gramos de manteca vegetal<\/li>\n<li>10 choclos medianos, del tipo pastelero, con ropa<\/li>\n<li>10 hojas de Albahaca fresca<\/li>\n<li>1\/4 de cucharadita de Albahaca seca<\/li>\n<li>1\/4 de cucharadita de aj\u00ed color o paprika<\/li>\n<li>2 cucharaditas de sal<\/li>\n<li>Sal y Az\u00facar a gusto para servir.<\/li>\n<\/ul>\n<h6><em>Pasos<\/em><\/h6>\n<ol>\n<li>Pele los choclos sac\u00e1ndoles las hojas (ropa), cuidando de no romperlas y sacarlas desde la base. Dejar las hojas en el lavaplatos o en una fuente con agua.<\/li>\n<li>Limpie los choclos, desgranemos con un cuchillo de chef. Muela los granos. Si utiliza una Kitchenaid, utilice su complemento para moler carne, con los agujeros m\u00e1s gruesos. Reserve el resultado.<\/li>\n<li>Pique la cebolla en cuadritos, y amort\u00edcela con un chorro de agua hirviendo. Reserve.<\/li>\n<li>Derrita la manteca en una sart\u00e9n, luego, agregue la cebolla hasta que este cristalina, cuando eso suceda, agregue 1\/4 de cucharadita de Albahaca y de aj\u00ed color o paprika, mezcle y reserve.<\/li>\n<li>Incorpore a los choclos, el contenido de la sart\u00e9n y revuelva, luego sazone con las dos cucharaditas de sal.<\/li>\n<li>Seleccione dos hojas de tama\u00f1o grande, y ponga una encima de otra, y con las puntas mas fina (en punta) para lados opuestos, Distribuya una peque\u00f1a cantidad de la mezcla de choclo (2 cucharadas) en el medio de las hojas y cierre con pita, o cord\u00f3n de algod\u00f3n. Si lo desea puede hacer tiras para amarrar con las mismas hojas. reserve. Repita el proceso con toda la preparaci\u00f3n.<\/li>\n<li>Pongalas a coser en abundante agua hirviendo durante 30 a 40 minutos.<\/li>\n<li>Escurra y sirva acompa\u00f1adas de tomate picado. Si gustas puedes espolvorear az\u00facar o sal a la mezcla al servir.<\/li>\n<\/ol>\n<p>Enjoy!!!<\/p>\n<div id=\"attachment_2377\" style=\"width: 1526px\" class=\"wp-caption aligncenter\"><img fetchpriority=\"high\" decoding=\"async\" aria-describedby=\"caption-attachment-2377\" class=\"size-full wp-image-2377\" src=\"http:\/\/geny.cl\/portal\/wp-content\/uploads\/2019\/02\/quiltergeny_1549219513.jpg\" alt=\"\" width=\"1516\" height=\"1516\" srcset=\"https:\/\/www.geny.cl\/portal\/wp-content\/uploads\/2019\/02\/quiltergeny_1549219513.jpg 1516w, https:\/\/www.geny.cl\/portal\/wp-content\/uploads\/2019\/02\/quiltergeny_1549219513-150x150.jpg 150w, https:\/\/www.geny.cl\/portal\/wp-content\/uploads\/2019\/02\/quiltergeny_1549219513-300x300.jpg 300w, https:\/\/www.geny.cl\/portal\/wp-content\/uploads\/2019\/02\/quiltergeny_1549219513-768x768.jpg 768w, https:\/\/www.geny.cl\/portal\/wp-content\/uploads\/2019\/02\/quiltergeny_1549219513-1024x1024.jpg 1024w, https:\/\/www.geny.cl\/portal\/wp-content\/uploads\/2019\/02\/quiltergeny_1549219513-1170x1170.jpg 1170w, https:\/\/www.geny.cl\/portal\/wp-content\/uploads\/2019\/02\/quiltergeny_1549219513-585x585.jpg 585w\" sizes=\"(max-width: 1516px) 100vw, 1516px\" \/><p id=\"caption-attachment-2377\" class=\"wp-caption-text\">Humitas<\/p><\/div>\n<p>Geny.<\/p>\n<p>&nbsp;<\/p>\n","protected":false},"excerpt":{"rendered":"<p>Esta t\u00edpica comida Chilena, es cotidiana en el verano, y es deliciosa. Sin duda una de mis preferidas.<\/p>\n","protected":false},"author":1,"featured_media":2377,"comment_status":"closed","ping_status":"open","sticky":false,"template":"","format":"standard","meta":{"wprm-recipe-roundup-name":"","wprm-recipe-roundup-description":"","_lmt_disableupdate":"","_lmt_disable":"","footnotes":""},"categories":[35],"tags":[44,150,85],"class_list":["post-2375","post","type-post","status-publish","format-standard","has-post-thumbnail","hentry","category-cocina","tag-cocina-2","tag-kitchenaid","tag-recetas-saladas"],"yoast_head":"<!-- This site is optimized with the Yoast SEO plugin v28.4 - https:\/\/yoast.com\/product\/yoast-seo-wordpress\/ -->\n<title>Receta Salada: Humitas - Geny.cl<\/title>\n<meta name=\"robots\" content=\"index, follow, max-snippet:-1, max-image-preview:large, max-video-preview:-1\" \/>\n<link rel=\"canonical\" href=\"https:\/\/www.geny.cl\/portal\/2019\/02\/09\/receta-salada-humitas\/\" \/>\n<meta property=\"og:locale\" content=\"es_ES\" \/>\n<meta property=\"og:type\" content=\"article\" \/>\n<meta property=\"og:title\" content=\"Receta Salada: Humitas - Geny.cl\" \/>\n<meta property=\"og:description\" content=\"Esta t\u00edpica comida Chilena, es cotidiana en el verano, y es deliciosa. Sin duda una de mis preferidas.\" \/>\n<meta property=\"og:url\" content=\"https:\/\/www.geny.cl\/portal\/2019\/02\/09\/receta-salada-humitas\/\" \/>\n<meta property=\"og:site_name\" content=\"Geny.cl\" \/>\n<meta property=\"article:published_time\" content=\"2019-02-09T15:00:27+00:00\" \/>\n<meta property=\"article:modified_time\" content=\"2024-04-09T19:50:25+00:00\" \/>\n<meta property=\"og:image\" content=\"https:\/\/www.geny.cl\/portal\/wp-content\/uploads\/2019\/02\/quiltergeny_1549219513.jpg\" \/>\n\t<meta property=\"og:image:width\" content=\"1516\" \/>\n\t<meta property=\"og:image:height\" content=\"1516\" \/>\n\t<meta property=\"og:image:type\" content=\"image\/jpeg\" \/>\n<meta name=\"author\" content=\"Geny\" \/>\n<meta name=\"twitter:card\" content=\"summary_large_image\" \/>\n<meta name=\"twitter:creator\" content=\"@quiltergeny\" \/>\n<meta name=\"twitter:site\" content=\"@quiltergeny\" \/>\n<meta name=\"twitter:label1\" content=\"Escrito por\" \/>\n\t<meta name=\"twitter:data1\" content=\"Geny\" \/>\n\t<meta name=\"twitter:label2\" content=\"Tiempo de lectura\" \/>\n\t<meta name=\"twitter:data2\" content=\"2 minutos\" \/>\n<script type=\"application\/ld+json\" class=\"yoast-schema-graph\">{\"@context\":\"https:\\\/\\\/schema.org\",\"@graph\":[{\"@type\":\"Article\",\"@id\":\"https:\\\/\\\/www.geny.cl\\\/portal\\\/2019\\\/02\\\/09\\\/receta-salada-humitas\\\/#article\",\"isPartOf\":{\"@id\":\"https:\\\/\\\/www.geny.cl\\\/portal\\\/2019\\\/02\\\/09\\\/receta-salada-humitas\\\/\"},\"author\":{\"name\":\"Geny\",\"@id\":\"https:\\\/\\\/www.geny.cl\\\/portal\\\/#\\\/schema\\\/person\\\/4c253d3349e65ccec88bff1d0b544f8b\"},\"headline\":\"Receta Salada: Humitas\",\"datePublished\":\"2019-02-09T15:00:27+00:00\",\"dateModified\":\"2024-04-09T19:50:25+00:00\",\"mainEntityOfPage\":{\"@id\":\"https:\\\/\\\/www.geny.cl\\\/portal\\\/2019\\\/02\\\/09\\\/receta-salada-humitas\\\/\"},\"wordCount\":306,\"publisher\":{\"@id\":\"https:\\\/\\\/www.geny.cl\\\/portal\\\/#\\\/schema\\\/person\\\/4c253d3349e65ccec88bff1d0b544f8b\"},\"image\":{\"@id\":\"https:\\\/\\\/www.geny.cl\\\/portal\\\/2019\\\/02\\\/09\\\/receta-salada-humitas\\\/#primaryimage\"},\"thumbnailUrl\":\"https:\\\/\\\/www.geny.cl\\\/portal\\\/wp-content\\\/uploads\\\/2019\\\/02\\\/quiltergeny_1549219513.jpg\",\"keywords\":[\"Cocina\",\"Kitchenaid\",\"Recetas Saladas\"],\"articleSection\":[\"Cocina\"],\"inLanguage\":\"es\"},{\"@type\":\"WebPage\",\"@id\":\"https:\\\/\\\/www.geny.cl\\\/portal\\\/2019\\\/02\\\/09\\\/receta-salada-humitas\\\/\",\"url\":\"https:\\\/\\\/www.geny.cl\\\/portal\\\/2019\\\/02\\\/09\\\/receta-salada-humitas\\\/\",\"name\":\"Receta Salada: Humitas - Geny.cl\",\"isPartOf\":{\"@id\":\"https:\\\/\\\/www.geny.cl\\\/portal\\\/#website\"},\"primaryImageOfPage\":{\"@id\":\"https:\\\/\\\/www.geny.cl\\\/portal\\\/2019\\\/02\\\/09\\\/receta-salada-humitas\\\/#primaryimage\"},\"image\":{\"@id\":\"https:\\\/\\\/www.geny.cl\\\/portal\\\/2019\\\/02\\\/09\\\/receta-salada-humitas\\\/#primaryimage\"},\"thumbnailUrl\":\"https:\\\/\\\/www.geny.cl\\\/portal\\\/wp-content\\\/uploads\\\/2019\\\/02\\\/quiltergeny_1549219513.jpg\",\"datePublished\":\"2019-02-09T15:00:27+00:00\",\"dateModified\":\"2024-04-09T19:50:25+00:00\",\"breadcrumb\":{\"@id\":\"https:\\\/\\\/www.geny.cl\\\/portal\\\/2019\\\/02\\\/09\\\/receta-salada-humitas\\\/#breadcrumb\"},\"inLanguage\":\"es\",\"potentialAction\":[{\"@type\":\"ReadAction\",\"target\":[\"https:\\\/\\\/www.geny.cl\\\/portal\\\/2019\\\/02\\\/09\\\/receta-salada-humitas\\\/\"]}]},{\"@type\":\"ImageObject\",\"inLanguage\":\"es\",\"@id\":\"https:\\\/\\\/www.geny.cl\\\/portal\\\/2019\\\/02\\\/09\\\/receta-salada-humitas\\\/#primaryimage\",\"url\":\"https:\\\/\\\/www.geny.cl\\\/portal\\\/wp-content\\\/uploads\\\/2019\\\/02\\\/quiltergeny_1549219513.jpg\",\"contentUrl\":\"https:\\\/\\\/www.geny.cl\\\/portal\\\/wp-content\\\/uploads\\\/2019\\\/02\\\/quiltergeny_1549219513.jpg\",\"width\":1516,\"height\":1516,\"caption\":\"Humitas\"},{\"@type\":\"BreadcrumbList\",\"@id\":\"https:\\\/\\\/www.geny.cl\\\/portal\\\/2019\\\/02\\\/09\\\/receta-salada-humitas\\\/#breadcrumb\",\"itemListElement\":[{\"@type\":\"ListItem\",\"position\":1,\"name\":\"Portada\",\"item\":\"https:\\\/\\\/www.geny.cl\\\/portal\\\/\"},{\"@type\":\"ListItem\",\"position\":2,\"name\":\"Receta Salada: Humitas\"}]},{\"@type\":\"WebSite\",\"@id\":\"https:\\\/\\\/www.geny.cl\\\/portal\\\/#website\",\"url\":\"https:\\\/\\\/www.geny.cl\\\/portal\\\/\",\"name\":\"Geny.cl\",\"description\":\"Tutoriales y consejos para Patchwork y Quilting\",\"publisher\":{\"@id\":\"https:\\\/\\\/www.geny.cl\\\/portal\\\/#\\\/schema\\\/person\\\/4c253d3349e65ccec88bff1d0b544f8b\"},\"potentialAction\":[{\"@type\":\"SearchAction\",\"target\":{\"@type\":\"EntryPoint\",\"urlTemplate\":\"https:\\\/\\\/www.geny.cl\\\/portal\\\/?s={search_term_string}\"},\"query-input\":{\"@type\":\"PropertyValueSpecification\",\"valueRequired\":true,\"valueName\":\"search_term_string\"}}],\"inLanguage\":\"es\"},{\"@type\":[\"Person\",\"Organization\"],\"@id\":\"https:\\\/\\\/www.geny.cl\\\/portal\\\/#\\\/schema\\\/person\\\/4c253d3349e65ccec88bff1d0b544f8b\",\"name\":\"Geny\",\"image\":{\"@type\":\"ImageObject\",\"inLanguage\":\"es\",\"@id\":\"https:\\\/\\\/www.geny.cl\\\/portal\\\/wp-content\\\/uploads\\\/2020\\\/01\\\/yo-2.jpg\",\"url\":\"https:\\\/\\\/www.geny.cl\\\/portal\\\/wp-content\\\/uploads\\\/2020\\\/01\\\/yo-2.jpg\",\"contentUrl\":\"https:\\\/\\\/www.geny.cl\\\/portal\\\/wp-content\\\/uploads\\\/2020\\\/01\\\/yo-2.jpg\",\"width\":329,\"height\":426,\"caption\":\"Geny\"},\"logo\":{\"@id\":\"https:\\\/\\\/www.geny.cl\\\/portal\\\/wp-content\\\/uploads\\\/2020\\\/01\\\/yo-2.jpg\"},\"url\":\"https:\\\/\\\/www.geny.cl\\\/portal\\\/author\\\/ggwdn\\\/\"}]}<\/script>\n<!-- \/ Yoast SEO plugin. -->","yoast_head_json":{"title":"Receta Salada: Humitas - Geny.cl","robots":{"index":"index","follow":"follow","max-snippet":"max-snippet:-1","max-image-preview":"max-image-preview:large","max-video-preview":"max-video-preview:-1"},"canonical":"https:\/\/www.geny.cl\/portal\/2019\/02\/09\/receta-salada-humitas\/","og_locale":"es_ES","og_type":"article","og_title":"Receta Salada: Humitas - Geny.cl","og_description":"Esta t\u00edpica comida Chilena, es cotidiana en el verano, y es deliciosa. Sin duda una de mis preferidas.","og_url":"https:\/\/www.geny.cl\/portal\/2019\/02\/09\/receta-salada-humitas\/","og_site_name":"Geny.cl","article_published_time":"2019-02-09T15:00:27+00:00","article_modified_time":"2024-04-09T19:50:25+00:00","og_image":[{"width":1516,"height":1516,"url":"https:\/\/www.geny.cl\/portal\/wp-content\/uploads\/2019\/02\/quiltergeny_1549219513.jpg","type":"image\/jpeg"}],"author":"Geny","twitter_card":"summary_large_image","twitter_creator":"@quiltergeny","twitter_site":"@quiltergeny","twitter_misc":{"Escrito por":"Geny","Tiempo de lectura":"2 minutos"},"schema":{"@context":"https:\/\/schema.org","@graph":[{"@type":"Article","@id":"https:\/\/www.geny.cl\/portal\/2019\/02\/09\/receta-salada-humitas\/#article","isPartOf":{"@id":"https:\/\/www.geny.cl\/portal\/2019\/02\/09\/receta-salada-humitas\/"},"author":{"name":"Geny","@id":"https:\/\/www.geny.cl\/portal\/#\/schema\/person\/4c253d3349e65ccec88bff1d0b544f8b"},"headline":"Receta Salada: Humitas","datePublished":"2019-02-09T15:00:27+00:00","dateModified":"2024-04-09T19:50:25+00:00","mainEntityOfPage":{"@id":"https:\/\/www.geny.cl\/portal\/2019\/02\/09\/receta-salada-humitas\/"},"wordCount":306,"publisher":{"@id":"https:\/\/www.geny.cl\/portal\/#\/schema\/person\/4c253d3349e65ccec88bff1d0b544f8b"},"image":{"@id":"https:\/\/www.geny.cl\/portal\/2019\/02\/09\/receta-salada-humitas\/#primaryimage"},"thumbnailUrl":"https:\/\/www.geny.cl\/portal\/wp-content\/uploads\/2019\/02\/quiltergeny_1549219513.jpg","keywords":["Cocina","Kitchenaid","Recetas Saladas"],"articleSection":["Cocina"],"inLanguage":"es"},{"@type":"WebPage","@id":"https:\/\/www.geny.cl\/portal\/2019\/02\/09\/receta-salada-humitas\/","url":"https:\/\/www.geny.cl\/portal\/2019\/02\/09\/receta-salada-humitas\/","name":"Receta Salada: Humitas - Geny.cl","isPartOf":{"@id":"https:\/\/www.geny.cl\/portal\/#website"},"primaryImageOfPage":{"@id":"https:\/\/www.geny.cl\/portal\/2019\/02\/09\/receta-salada-humitas\/#primaryimage"},"image":{"@id":"https:\/\/www.geny.cl\/portal\/2019\/02\/09\/receta-salada-humitas\/#primaryimage"},"thumbnailUrl":"https:\/\/www.geny.cl\/portal\/wp-content\/uploads\/2019\/02\/quiltergeny_1549219513.jpg","datePublished":"2019-02-09T15:00:27+00:00","dateModified":"2024-04-09T19:50:25+00:00","breadcrumb":{"@id":"https:\/\/www.geny.cl\/portal\/2019\/02\/09\/receta-salada-humitas\/#breadcrumb"},"inLanguage":"es","potentialAction":[{"@type":"ReadAction","target":["https:\/\/www.geny.cl\/portal\/2019\/02\/09\/receta-salada-humitas\/"]}]},{"@type":"ImageObject","inLanguage":"es","@id":"https:\/\/www.geny.cl\/portal\/2019\/02\/09\/receta-salada-humitas\/#primaryimage","url":"https:\/\/www.geny.cl\/portal\/wp-content\/uploads\/2019\/02\/quiltergeny_1549219513.jpg","contentUrl":"https:\/\/www.geny.cl\/portal\/wp-content\/uploads\/2019\/02\/quiltergeny_1549219513.jpg","width":1516,"height":1516,"caption":"Humitas"},{"@type":"BreadcrumbList","@id":"https:\/\/www.geny.cl\/portal\/2019\/02\/09\/receta-salada-humitas\/#breadcrumb","itemListElement":[{"@type":"ListItem","position":1,"name":"Portada","item":"https:\/\/www.geny.cl\/portal\/"},{"@type":"ListItem","position":2,"name":"Receta Salada: Humitas"}]},{"@type":"WebSite","@id":"https:\/\/www.geny.cl\/portal\/#website","url":"https:\/\/www.geny.cl\/portal\/","name":"Geny.cl","description":"Tutoriales y consejos para Patchwork y Quilting","publisher":{"@id":"https:\/\/www.geny.cl\/portal\/#\/schema\/person\/4c253d3349e65ccec88bff1d0b544f8b"},"potentialAction":[{"@type":"SearchAction","target":{"@type":"EntryPoint","urlTemplate":"https:\/\/www.geny.cl\/portal\/?s={search_term_string}"},"query-input":{"@type":"PropertyValueSpecification","valueRequired":true,"valueName":"search_term_string"}}],"inLanguage":"es"},{"@type":["Person","Organization"],"@id":"https:\/\/www.geny.cl\/portal\/#\/schema\/person\/4c253d3349e65ccec88bff1d0b544f8b","name":"Geny","image":{"@type":"ImageObject","inLanguage":"es","@id":"https:\/\/www.geny.cl\/portal\/wp-content\/uploads\/2020\/01\/yo-2.jpg","url":"https:\/\/www.geny.cl\/portal\/wp-content\/uploads\/2020\/01\/yo-2.jpg","contentUrl":"https:\/\/www.geny.cl\/portal\/wp-content\/uploads\/2020\/01\/yo-2.jpg","width":329,"height":426,"caption":"Geny"},"logo":{"@id":"https:\/\/www.geny.cl\/portal\/wp-content\/uploads\/2020\/01\/yo-2.jpg"},"url":"https:\/\/www.geny.cl\/portal\/author\/ggwdn\/"}]}},"_links":{"self":[{"href":"https:\/\/www.geny.cl\/portal\/wp-json\/wp\/v2\/posts\/2375","targetHints":{"allow":["GET"]}}],"collection":[{"href":"https:\/\/www.geny.cl\/portal\/wp-json\/wp\/v2\/posts"}],"about":[{"href":"https:\/\/www.geny.cl\/portal\/wp-json\/wp\/v2\/types\/post"}],"author":[{"embeddable":true,"href":"https:\/\/www.geny.cl\/portal\/wp-json\/wp\/v2\/users\/1"}],"replies":[{"embeddable":true,"href":"https:\/\/www.geny.cl\/portal\/wp-json\/wp\/v2\/comments?post=2375"}],"version-history":[{"count":0,"href":"https:\/\/www.geny.cl\/portal\/wp-json\/wp\/v2\/posts\/2375\/revisions"}],"wp:featuredmedia":[{"embeddable":true,"href":"https:\/\/www.geny.cl\/portal\/wp-json\/wp\/v2\/media\/2377"}],"wp:attachment":[{"href":"https:\/\/www.geny.cl\/portal\/wp-json\/wp\/v2\/media?parent=2375"}],"wp:term":[{"taxonomy":"category","embeddable":true,"href":"https:\/\/www.geny.cl\/portal\/wp-json\/wp\/v2\/categories?post=2375"},{"taxonomy":"post_tag","embeddable":true,"href":"https:\/\/www.geny.cl\/portal\/wp-json\/wp\/v2\/tags?post=2375"}],"curies":[{"name":"wp","href":"https:\/\/api.w.org\/{rel}","templated":true}]}}